{"id":3404,"date":"2025-12-18T15:47:22","date_gmt":"2025-12-18T18:47:22","guid":{"rendered":"https:\/\/colegiosanjoaquinlaserena.cl\/?p=3404"},"modified":"2026-01-20T09:42:23","modified_gmt":"2026-01-20T12:42:23","slug":"nuestros-estudiantes-se-destacan-en-campeonato-de-matematica-cmat","status":"publish","type":"post","link":"https:\/\/colegiosanjoaquinlaserena.cl\/en\/nuestros-estudiantes-se-destacan-en-campeonato-de-matematica-cmat\/","title":{"rendered":"Nuestros Estudiantes se Destacan en Campeonato de Matem\u00e1tica (CMAT)"},"content":{"rendered":"<figure class=\"wp-block-image size-large\"><a href=\"https:\/\/colegiosanjoaquinlaserena.cl\/wp-content\/uploads\/2025\/12\/PORTADA_8.jpg\"><img fetchpriority=\"high\" decoding=\"async\" width=\"819\" height=\"1024\" src=\"https:\/\/colegiosanjoaquinlaserena.cl\/wp-content\/uploads\/2025\/12\/PORTADA_8-819x1024.jpg\" alt=\"\" class=\"wp-image-3409\" srcset=\"https:\/\/colegiosanjoaquinlaserena.cl\/wp-content\/uploads\/2025\/12\/PORTADA_8-819x1024.jpg 819w, https:\/\/colegiosanjoaquinlaserena.cl\/wp-content\/uploads\/2025\/12\/PORTADA_8-240x300.jpg 240w, https:\/\/colegiosanjoaquinlaserena.cl\/wp-content\/uploads\/2025\/12\/PORTADA_8-768x961.jpg 768w, https:\/\/colegiosanjoaquinlaserena.cl\/wp-content\/uploads\/2025\/12\/PORTADA_8-10x12.jpg 10w, https:\/\/colegiosanjoaquinlaserena.cl\/wp-content\/uploads\/2025\/12\/PORTADA_8.jpg 1080w\" sizes=\"(max-width: 819px) 100vw, 819px\" \/><\/a><\/figure>\n\n\n\n<p>Queremos felicitar a nuestr@s estudiantes por sus sobresalientes resultados en el Campeonato Escolar de Matem\u00e1tica Nacional (CMAT), donde demostraron dedicaci\u00f3n, talento y un gran esp\u00edritu acad\u00e9mico.<\/p>\n\n\n\n<p>Premios Individuales:<\/p>\n\n\n\n<p>Jos\u00e9 Miguel V\u00e1squez<br>Medalla de Oro Nacional<br>Destacado Colegio San Joaqu\u00edn \u2013 Ense\u00f1anza B\u00e1sica<\/p>\n\n\n\n<p>Mat\u00edas Barba<br>Medalla de Plata Nacional<\/p>\n\n\n\n<p>Maximiliano Fern\u00e1ndez<br>Medalla de Bronce Nacional<\/p>\n\n\n\n<p>Emilia Varas Castillo<br>Destacada Colegio San Joaqu\u00edn \u2013 Ense\u00f1anza Media<\/p>\n\n\n\n<p>Premios Grupales:<\/p>\n\n\n\n<p>Equipo PUMAT \u2013 Nivel 7\u00b0 B\u00e1sico:<br>Integrantes: Jos\u00e9 Miguel V\u00e1squez, Mat\u00edas Sim\u00f3n Barba, Maximiliano Fern\u00e1ndez, Xiwen Ye Wu y Agust\u00edn Zuleta<\/p>\n\n\n\n<p>3\u00b0 Lugar Nacional<br>1\u00b0 Lugar Regional<\/p>\n\n\n\n<p>Aprovechamos tambi\u00e9n de felicitar y agradecer a nuestros profesores y profesoras de Matem\u00e1tica, cuyo compromiso y acompa\u00f1amiento han sido fundamentales para alcanzar estos logros.<\/p>\n\n\n\n<p>\u00a1Felicidades a todos y todas! \u00a1Son un orgullo para nuestra comunidad educativa!<\/p>\n\n\n\n<figure class=\"wp-block-gallery has-nested-images columns-2 is-cropped wp-block-gallery-1 is-layout-flex wp-block-gallery-is-layout-flex\">\n<figure class=\"wp-block-image size-large\"><a href=\"https:\/\/colegiosanjoaquinlaserena.cl\/wp-content\/uploads\/2025\/12\/rs1.jpg\"><img decoding=\"async\" width=\"819\" height=\"1024\" data-id=\"3407\" src=\"https:\/\/colegiosanjoaquinlaserena.cl\/wp-content\/uploads\/2025\/12\/rs1-819x1024.jpg\" alt=\"\" class=\"wp-image-3407\" srcset=\"https:\/\/colegiosanjoaquinlaserena.cl\/wp-content\/uploads\/2025\/12\/rs1-819x1024.jpg 819w, https:\/\/colegiosanjoaquinlaserena.cl\/wp-content\/uploads\/2025\/12\/rs1-240x300.jpg 240w, https:\/\/colegiosanjoaquinlaserena.cl\/wp-content\/uploads\/2025\/12\/rs1-768x960.jpg 768w, https:\/\/colegiosanjoaquinlaserena.cl\/wp-content\/uploads\/2025\/12\/rs1-10x12.jpg 10w, https:\/\/colegiosanjoaquinlaserena.cl\/wp-content\/uploads\/2025\/12\/rs1.jpg 1080w\" sizes=\"(max-width: 819px) 100vw, 819px\" \/><\/a><\/figure>\n\n\n\n<figure class=\"wp-block-image size-large\"><a href=\"https:\/\/colegiosanjoaquinlaserena.cl\/wp-content\/uploads\/2025\/12\/rs2.jpg\"><img decoding=\"async\" width=\"819\" height=\"1024\" data-id=\"3408\" src=\"https:\/\/colegiosanjoaquinlaserena.cl\/wp-content\/uploads\/2025\/12\/rs2-819x1024.jpg\" alt=\"\" class=\"wp-image-3408\" srcset=\"https:\/\/colegiosanjoaquinlaserena.cl\/wp-content\/uploads\/2025\/12\/rs2-819x1024.jpg 819w, https:\/\/colegiosanjoaquinlaserena.cl\/wp-content\/uploads\/2025\/12\/rs2-240x300.jpg 240w, https:\/\/colegiosanjoaquinlaserena.cl\/wp-content\/uploads\/2025\/12\/rs2-768x960.jpg 768w, https:\/\/colegiosanjoaquinlaserena.cl\/wp-content\/uploads\/2025\/12\/rs2-10x12.jpg 10w, https:\/\/colegiosanjoaquinlaserena.cl\/wp-content\/uploads\/2025\/12\/rs2.jpg 1080w\" sizes=\"(max-width: 819px) 100vw, 819px\" \/><\/a><\/figure>\n\n\n\n<figure class=\"wp-block-image size-large\"><a href=\"https:\/\/colegiosanjoaquinlaserena.cl\/wp-content\/uploads\/2025\/12\/rs3.jpg\"><img loading=\"lazy\" decoding=\"async\" width=\"819\" height=\"1024\" data-id=\"3406\" src=\"https:\/\/colegiosanjoaquinlaserena.cl\/wp-content\/uploads\/2025\/12\/rs3-819x1024.jpg\" alt=\"\" class=\"wp-image-3406\" srcset=\"https:\/\/colegiosanjoaquinlaserena.cl\/wp-content\/uploads\/2025\/12\/rs3-819x1024.jpg 819w, https:\/\/colegiosanjoaquinlaserena.cl\/wp-content\/uploads\/2025\/12\/rs3-240x300.jpg 240w, https:\/\/colegiosanjoaquinlaserena.cl\/wp-content\/uploads\/2025\/12\/rs3-768x960.jpg 768w, https:\/\/colegiosanjoaquinlaserena.cl\/wp-content\/uploads\/2025\/12\/rs3-10x12.jpg 10w, https:\/\/colegiosanjoaquinlaserena.cl\/wp-content\/uploads\/2025\/12\/rs3.jpg 1080w\" sizes=\"(max-width: 819px) 100vw, 819px\" \/><\/a><\/figure>\n<\/figure>","protected":false},"excerpt":{"rendered":"<p>Queremos felicitar a nuestr@s estudiantes por sus sobresalientes resultados en el Campeonato Escolar de Matem\u00e1tica Nacional (CMAT), donde demostraron dedicaci\u00f3n, talento y un gran esp\u00edritu acad\u00e9mico. Premios Individuales: Jos\u00e9 Miguel V\u00e1squezMedalla de Oro NacionalDestacado Colegio San Joaqu\u00edn \u2013 Ense\u00f1anza B\u00e1sica Mat\u00edas BarbaMedalla de Plata Nacional Maximiliano Fern\u00e1ndezMedalla de Bronce Nacional Emilia Varas CastilloDestacada Colegio San Joaqu\u00edn \u2013 Ense\u00f1anza Media Premios Grupales: Equipo PUMAT \u2013 Nivel 7\u00b0 B\u00e1sico:Integrantes: Jos\u00e9 Miguel V\u00e1squez, Mat\u00edas Sim\u00f3n Barba, Maximiliano Fern\u00e1ndez, Xiwen Ye Wu y Agust\u00edn Zuleta 3\u00b0 Lugar Nacional1\u00b0 Lugar Regional Aprovechamos tambi\u00e9n de felicitar y agradecer a nuestros profesores y profesoras de Matem\u00e1tica, cuyo compromiso y acompa\u00f1amiento han sido fundamentales para alcanzar estos logros. \u00a1Felicidades a todos y todas! \u00a1Son un orgullo para nuestra comunidad educativa!<\/p>","protected":false},"author":3,"featured_media":3405,"comment_status":"closed","ping_status":"closed","sticky":false,"template":"","format":"standard","meta":{"site-sidebar-layout":"default","site-content-layout":"","ast-site-content-layout":"default","site-content-style":"default","site-sidebar-style":"default","ast-global-header-display":"","ast-banner-title-visibility":"","ast-main-header-display":"","ast-hfb-above-header-display":"","ast-hfb-below-header-display":"","ast-hfb-mobile-header-display":"","site-post-title":"","ast-breadcrumbs-content":"","ast-featured-img":"","footer-sml-layout":"","theme-transparent-header-meta":"","adv-header-id-meta":"","stick-header-meta":"","header-above-stick-meta":"","header-main-stick-meta":"","header-below-stick-meta":"","astra-migrate-meta-layouts":"default","ast-page-background-enabled":"default","ast-page-background-meta":{"desktop":{"background-color":"var(--ast-global-color-4)","background-image":"","background-repeat":"repeat","background-position":"center center","background-size":"auto","background-attachment":"scroll","background-type":"","background-media":"","overlay-type":"","overlay-color":"","overlay-opacity":"","overlay-gradient":""},"tablet":{"background-color":"","background-image":"","background-repeat":"repeat","background-position":"center center","background-size":"auto","background-attachment":"scroll","background-type":"","background-media":"","overlay-type":"","overlay-color":"","overlay-opacity":"","overlay-gradient":""},"mobile":{"background-color":"","background-image":"","background-repeat":"repeat","background-position":"center center","background-size":"auto","background-attachment":"scroll","background-type":"","background-media":"","overlay-type":"","overlay-color":"","overlay-opacity":"","overlay-gradient":""}},"ast-content-background-meta":{"desktop":{"background-color":"var(--ast-global-color-5)","background-image":"","background-repeat":"repeat","background-position":"center center","background-size":"auto","background-attachment":"scroll","background-type":"","background-media":"","overlay-type":"","overlay-color":"","overlay-opacity":"","overlay-gradient":""},"tablet":{"background-color":"var(--ast-global-color-5)","background-image":"","background-repeat":"repeat","background-position":"center center","background-size":"auto","background-attachment":"scroll","background-type":"","background-media":"","overlay-type":"","overlay-color":"","overlay-opacity":"","overlay-gradient":""},"mobile":{"background-color":"var(--ast-global-color-5)","background-image":"","background-repeat":"repeat","background-position":"center center","background-size":"auto","background-attachment":"scroll","background-type":"","background-media":"","overlay-type":"","overlay-color":"","overlay-opacity":"","overlay-gradient":""}},"footnotes":""},"categories":[1],"tags":[],"class_list":["post-3404","post","type-post","status-publish","format-standard","has-post-thumbnail","hentry","category-sin-categoria"],"_links":{"self":[{"href":"https:\/\/colegiosanjoaquinlaserena.cl\/en\/wp-json\/wp\/v2\/posts\/3404","targetHints":{"allow":["GET"]}}],"collection":[{"href":"https:\/\/colegiosanjoaquinlaserena.cl\/en\/wp-json\/wp\/v2\/posts"}],"about":[{"href":"https:\/\/colegiosanjoaquinlaserena.cl\/en\/wp-json\/wp\/v2\/types\/post"}],"author":[{"embeddable":true,"href":"https:\/\/colegiosanjoaquinlaserena.cl\/en\/wp-json\/wp\/v2\/users\/3"}],"replies":[{"embeddable":true,"href":"https:\/\/colegiosanjoaquinlaserena.cl\/en\/wp-json\/wp\/v2\/comments?post=3404"}],"version-history":[{"count":1,"href":"https:\/\/colegiosanjoaquinlaserena.cl\/en\/wp-json\/wp\/v2\/posts\/3404\/revisions"}],"predecessor-version":[{"id":3410,"href":"https:\/\/colegiosanjoaquinlaserena.cl\/en\/wp-json\/wp\/v2\/posts\/3404\/revisions\/3410"}],"wp:featuredmedia":[{"embeddable":true,"href":"https:\/\/colegiosanjoaquinlaserena.cl\/en\/wp-json\/wp\/v2\/media\/3405"}],"wp:attachment":[{"href":"https:\/\/colegiosanjoaquinlaserena.cl\/en\/wp-json\/wp\/v2\/media?parent=3404"}],"wp:term":[{"taxonomy":"category","embeddable":true,"href":"https:\/\/colegiosanjoaquinlaserena.cl\/en\/wp-json\/wp\/v2\/categories?post=3404"},{"taxonomy":"post_tag","embeddable":true,"href":"https:\/\/colegiosanjoaquinlaserena.cl\/en\/wp-json\/wp\/v2\/tags?post=3404"}],"curies":[{"name":"wp","href":"https:\/\/api.w.org\/{rel}","templated":true}]}}